{"id":5156,"date":"2026-09-05T08:44:36","date_gmt":"2026-09-05T06:44:36","guid":{"rendered":"https:\/\/sebastianfitzek.de\/?post_type=news&#038;p=5156"},"modified":"2026-09-05T08:44:37","modified_gmt":"2026-09-05T06:44:37","slug":"sweepstakes-im-packing-my-suitcase-and-taking-with-me","status":"publish","type":"news","link":"https:\/\/sebastianfitzek.de\/en\/news\/gewinnspiel-ich-packe-meinen-koffer-und-nehme-mit\/","title":{"rendered":"Sweepstake: I'm packing my suitcase and taking along..."},"content":{"rendered":"<p class=\"wp-block-paragraph\">I am&nbsp;<strong>21.10.2026<\/strong>&nbsp;my anniversary psychological thriller is coming out&nbsp;<strong>\u201eThe Night Train\u201c<\/strong>. In it, the main character receives a ticket for a mysterious train ride to Prague.<\/p>\n\n\n\n<p class=\"wp-block-paragraph\">Now it's your turn: Pack&nbsp;<strong>your suitcase<\/strong>&nbsp;for the night train and&nbsp;<strong>Win a weekend in Prague<\/strong>&nbsp;for you and your guest!<\/p>\n\n\n\n<p class=\"wp-block-paragraph\"><strong>Here's how you can do it:<\/strong><\/p>\n\n\n\n<p class=\"wp-block-paragraph\"><em>Pack your suitcase and take a photo of what's inside.<br>Post your picture on social media with the hashtag ##fitzeknachtzug and tag my channel\u2014or upload your photo directly <a href=\"https:\/\/fitzek-nachtzug.de\/\" target=\"_blank\" rel=\"noopener\">fitzek-nachtzug.de<\/a>\u00a0high.<br>The most creative suitcases go into the community voting.<br>Win the vote and go to Prague!<\/em><\/p>\n\n\n\n<p class=\"wp-block-paragraph\"><strong>And that is not all:<\/strong><\/p>\n\n\n\n<p class=\"wp-block-paragraph\">I am also giving away among all participants:<\/p>\n\n\n\n<p class=\"wp-block-paragraph\"><strong>1 \u00d7 \u201eThe Night Train\u201c Fan Box<br>1 \u00d7 \u201eThe Night Train\u201c Blogger Box<br>10x signed Limited Editions<\/strong><\/p>\n\n\n\n<p class=\"wp-block-paragraph\">Also: What is an absolute must-have for your night train journey?<\/p>\n\n\n\n<p class=\"wp-block-paragraph\"><em>You can find all information and conditions of participation\u00a0<a href=\"https:\/\/fitzek-nachtzug.de\/teilnahmebedingungen\/\" target=\"_blank\" rel=\"noopener\">here<\/a>.<\/em><\/p>\n\n\n\n<figure class=\"wp-block-image size-large\"><img loading=\"lazy\" decoding=\"async\" width=\"683\" height=\"1024\" src=\"https:\/\/sebastianfitzek.de\/wp-content\/uploads\/WhatsApp-Image-2026-09-04-at-14.56.22-683x1024.jpeg\" alt=\"\" class=\"wp-image-5157\" srcset=\"https:\/\/sebastianfitzek.de\/wp-content\/uploads\/WhatsApp-Image-2026-09-04-at-14.56.22-683x1024.jpeg 683w, https:\/\/sebastianfitzek.de\/wp-content\/uploads\/WhatsApp-Image-2026-09-04-at-14.56.22-200x300.jpeg 200w, https:\/\/sebastianfitzek.de\/wp-content\/uploads\/WhatsApp-Image-2026-09-04-at-14.56.22-768x1152.jpeg 768w, https:\/\/sebastianfitzek.de\/wp-content\/uploads\/WhatsApp-Image-2026-09-04-at-14.56.22-1024x1536.jpeg 1024w, https:\/\/sebastianfitzek.de\/wp-content\/uploads\/WhatsApp-Image-2026-09-04-at-14.56.22-1365x2048.jpeg 1365w, https:\/\/sebastianfitzek.de\/wp-content\/uploads\/WhatsApp-Image-2026-09-04-at-14.56.22-8x12.jpeg 8w, https:\/\/sebastianfitzek.de\/wp-content\/uploads\/WhatsApp-Image-2026-09-04-at-14.56.22-scaled.jpeg 1706w\" sizes=\"auto, (max-width: 683px) 100vw, 683px\" \/><\/figure>","protected":false},"excerpt":{"rendered":"<p>Am&nbsp;21.10.2026&nbsp;erscheint mein Jubil\u00e4ums-Psychothriller&nbsp;\u201eDer Nachtzug\u201c. Darin erh\u00e4lt die Hauptfigur ein Ticket f\u00fcr eine mysteri\u00f6se Zugfahrt nach Prag. Jetzt bist du dran: Packe&nbsp;deinen Koffer&nbsp;f\u00fcr den Nachtzug und&nbsp;gewinne ein Wochenende in Prag&nbsp;f\u00fcr dich und deine Begleitung! So machst du mit: Pack deinen Koffer und mach ein Foto von deinem Kofferinhalt.Poste dein Bild auf Social Media mit dem Hashtag [&hellip;]<\/p>\n","protected":false},"author":5,"featured_media":0,"template":"","meta":{"_acf_changed":false,"inline_featured_image":false,"footnotes":""},"news-type":[],"class_list":["post-5156","news","type-news","status-publish","hentry"],"acf":{"thumbnail_as_hero":true},"yoast_head":"<!-- This site is optimized with the Yoast SEO plugin v28.1 - https:\/\/yoast.com\/product\/yoast-seo-wordpress\/ -->\n<title>Sebastian Fitzek - Gewinnspiel: Ich packe meinen Koffer und nehme mit \u2026<\/title>\n<meta name=\"robots\" content=\"index, follow, max-snippet:-1, max-image-preview:large, max-video-preview:-1\" \/>\n<link rel=\"canonical\" href=\"https:\/\/sebastianfitzek.de\/en\/news\/sweepstakes-im-packing-my-suitcase-and-taking-with-me\/\" \/>\n<meta property=\"og:locale\" content=\"en_US\" \/>\n<meta property=\"og:type\" content=\"article\" \/>\n<meta property=\"og:title\" content=\"Sebastian Fitzek - Gewinnspiel: Ich packe meinen Koffer und nehme mit \u2026\" \/>\n<meta property=\"og:description\" content=\"Am&nbsp;21.10.2026&nbsp;erscheint mein Jubil\u00e4ums-Psychothriller&nbsp;\u201eDer Nachtzug\u201c. Darin erh\u00e4lt die Hauptfigur ein Ticket f\u00fcr eine mysteri\u00f6se Zugfahrt nach Prag. Jetzt bist du dran: Packe&nbsp;deinen Koffer&nbsp;f\u00fcr den Nachtzug und&nbsp;gewinne ein Wochenende in Prag&nbsp;f\u00fcr dich und deine Begleitung! So machst du mit: Pack deinen Koffer und mach ein Foto von deinem Kofferinhalt.Poste dein Bild auf Social Media mit dem Hashtag [&hellip;]\" \/>\n<meta property=\"og:url\" content=\"https:\/\/sebastianfitzek.de\/en\/news\/sweepstakes-im-packing-my-suitcase-and-taking-with-me\/\" \/>\n<meta property=\"og:site_name\" content=\"Sebastian Fitzek\" \/>\n<meta property=\"article:publisher\" content=\"https:\/\/www.facebook.com\/sebastianfitzek.de\/\" \/>\n<meta property=\"article:modified_time\" content=\"2026-09-05T06:44:37+00:00\" \/>\n<meta property=\"og:image\" content=\"https:\/\/sebastianfitzek.de\/wp-content\/uploads\/WhatsApp-Image-2026-09-04-at-14.56.22-scaled.jpeg\" \/>\n\t<meta property=\"og:image:width\" content=\"1706\" \/>\n\t<meta property=\"og:image:height\" content=\"2560\" \/>\n\t<meta property=\"og:image:type\" content=\"image\/jpeg\" \/>\n<meta name=\"twitter:card\" content=\"summary_large_image\" \/>\n<meta name=\"twitter:site\" content=\"@SebastianFitzek\" \/>\n<meta name=\"twitter:label1\" content=\"Est. reading time\" \/>\n\t<meta name=\"twitter:data1\" content=\"1 minute\" \/>\n<script type=\"application\/ld+json\" class=\"yoast-schema-graph\">{\"@context\":\"https:\\\/\\\/schema.org\",\"@graph\":[{\"@type\":\"WebPage\",\"@id\":\"https:\\\/\\\/sebastianfitzek.de\\\/news\\\/gewinnspiel-ich-packe-meinen-koffer-und-nehme-mit\\\/\",\"url\":\"https:\\\/\\\/sebastianfitzek.de\\\/news\\\/gewinnspiel-ich-packe-meinen-koffer-und-nehme-mit\\\/\",\"name\":\"Sebastian Fitzek - Gewinnspiel: Ich packe meinen Koffer und nehme mit \u2026\",\"isPartOf\":{\"@id\":\"https:\\\/\\\/sebastianfitzek.de\\\/#website\"},\"primaryImageOfPage\":{\"@id\":\"https:\\\/\\\/sebastianfitzek.de\\\/news\\\/gewinnspiel-ich-packe-meinen-koffer-und-nehme-mit\\\/#primaryimage\"},\"image\":{\"@id\":\"https:\\\/\\\/sebastianfitzek.de\\\/news\\\/gewinnspiel-ich-packe-meinen-koffer-und-nehme-mit\\\/#primaryimage\"},\"thumbnailUrl\":\"https:\\\/\\\/sebastianfitzek.de\\\/wp-content\\\/uploads\\\/WhatsApp-Image-2026-09-04-at-14.56.22-683x1024.jpeg\",\"datePublished\":\"2026-09-05T06:44:36+00:00\",\"dateModified\":\"2026-09-05T06:44:37+00:00\",\"breadcrumb\":{\"@id\":\"https:\\\/\\\/sebastianfitzek.de\\\/news\\\/gewinnspiel-ich-packe-meinen-koffer-und-nehme-mit\\\/#breadcrumb\"},\"inLanguage\":\"en-US\",\"potentialAction\":[{\"@type\":\"ReadAction\",\"target\":[\"https:\\\/\\\/sebastianfitzek.de\\\/news\\\/gewinnspiel-ich-packe-meinen-koffer-und-nehme-mit\\\/\"]}]},{\"@type\":\"ImageObject\",\"inLanguage\":\"en-US\",\"@id\":\"https:\\\/\\\/sebastianfitzek.de\\\/news\\\/gewinnspiel-ich-packe-meinen-koffer-und-nehme-mit\\\/#primaryimage\",\"url\":\"https:\\\/\\\/sebastianfitzek.de\\\/wp-content\\\/uploads\\\/WhatsApp-Image-2026-09-04-at-14.56.22-683x1024.jpeg\",\"contentUrl\":\"https:\\\/\\\/sebastianfitzek.de\\\/wp-content\\\/uploads\\\/WhatsApp-Image-2026-09-04-at-14.56.22-683x1024.jpeg\"},{\"@type\":\"BreadcrumbList\",\"@id\":\"https:\\\/\\\/sebastianfitzek.de\\\/news\\\/gewinnspiel-ich-packe-meinen-koffer-und-nehme-mit\\\/#breadcrumb\",\"itemListElement\":[{\"@type\":\"ListItem\",\"position\":1,\"name\":\"Home\",\"item\":\"https:\\\/\\\/sebastianfitzek.de\\\/\"},{\"@type\":\"ListItem\",\"position\":2,\"name\":\"News\",\"item\":\"https:\\\/\\\/sebastianfitzek.de\\\/news\\\/\"},{\"@type\":\"ListItem\",\"position\":3,\"name\":\"Gewinnspiel: Ich packe meinen Koffer und nehme mit \u2026\"}]},{\"@type\":\"WebSite\",\"@id\":\"https:\\\/\\\/sebastianfitzek.de\\\/#website\",\"url\":\"https:\\\/\\\/sebastianfitzek.de\\\/\",\"name\":\"Sebastian Fitzek\",\"description\":\"20 Jahre - Das Jubil\u00e4um\",\"publisher\":{\"@id\":\"https:\\\/\\\/sebastianfitzek.de\\\/#organization\"},\"alternateName\":\"Fitzek World\",\"potentialAction\":[{\"@type\":\"SearchAction\",\"target\":{\"@type\":\"EntryPoint\",\"urlTemplate\":\"https:\\\/\\\/sebastianfitzek.de\\\/?s={search_term_string}\"},\"query-input\":{\"@type\":\"PropertyValueSpecification\",\"valueRequired\":true,\"valueName\":\"search_term_string\"}}],\"inLanguage\":\"en-US\"},{\"@type\":\"Organization\",\"@id\":\"https:\\\/\\\/sebastianfitzek.de\\\/#organization\",\"name\":\"Sebastian Fitzek\",\"url\":\"https:\\\/\\\/sebastianfitzek.de\\\/\",\"logo\":{\"@type\":\"ImageObject\",\"inLanguage\":\"en-US\",\"@id\":\"https:\\\/\\\/sebastianfitzek.de\\\/#\\\/schema\\\/logo\\\/image\\\/\",\"url\":\"https:\\\/\\\/sebastianfitzek.de\\\/wp-content\\\/uploads\\\/fw-logo-red.svg\",\"contentUrl\":\"https:\\\/\\\/sebastianfitzek.de\\\/wp-content\\\/uploads\\\/fw-logo-red.svg\",\"width\":244,\"height\":77,\"caption\":\"Sebastian Fitzek\"},\"image\":{\"@id\":\"https:\\\/\\\/sebastianfitzek.de\\\/#\\\/schema\\\/logo\\\/image\\\/\"},\"sameAs\":[\"https:\\\/\\\/www.facebook.com\\\/sebastianfitzek.de\\\/\",\"https:\\\/\\\/x.com\\\/SebastianFitzek\",\"https:\\\/\\\/www.instagram.com\\\/sebastianfitzek\\\/\",\"https:\\\/\\\/www.youtube.com\\\/user\\\/SebastianFitzekTV\",\"https:\\\/\\\/www.tiktok.com\\\/@sebastianfitzek\"]}]}<\/script>\n<!-- \/ Yoast SEO plugin. -->","yoast_head_json":{"title":"Sebastian Fitzek - Sweepstakes: I'm packing my suitcase and taking with me...","robots":{"index":"index","follow":"follow","max-snippet":"max-snippet:-1","max-image-preview":"max-image-preview:large","max-video-preview":"max-video-preview:-1"},"canonical":"https:\/\/sebastianfitzek.de\/en\/news\/sweepstakes-im-packing-my-suitcase-and-taking-with-me\/","og_locale":"en_US","og_type":"article","og_title":"Sebastian Fitzek - Gewinnspiel: Ich packe meinen Koffer und nehme mit \u2026","og_description":"Am&nbsp;21.10.2026&nbsp;erscheint mein Jubil\u00e4ums-Psychothriller&nbsp;\u201eDer Nachtzug\u201c. Darin erh\u00e4lt die Hauptfigur ein Ticket f\u00fcr eine mysteri\u00f6se Zugfahrt nach Prag. Jetzt bist du dran: Packe&nbsp;deinen Koffer&nbsp;f\u00fcr den Nachtzug und&nbsp;gewinne ein Wochenende in Prag&nbsp;f\u00fcr dich und deine Begleitung! So machst du mit: Pack deinen Koffer und mach ein Foto von deinem Kofferinhalt.Poste dein Bild auf Social Media mit dem Hashtag [&hellip;]","og_url":"https:\/\/sebastianfitzek.de\/en\/news\/sweepstakes-im-packing-my-suitcase-and-taking-with-me\/","og_site_name":"Sebastian Fitzek","article_publisher":"https:\/\/www.facebook.com\/sebastianfitzek.de\/","article_modified_time":"2026-09-05T06:44:37+00:00","og_image":[{"width":1706,"height":2560,"url":"https:\/\/sebastianfitzek.de\/wp-content\/uploads\/WhatsApp-Image-2026-09-04-at-14.56.22-scaled.jpeg","type":"image\/jpeg"}],"twitter_card":"summary_large_image","twitter_site":"@SebastianFitzek","twitter_misc":{"Est. reading time":"1 minute"},"schema":{"@context":"https:\/\/schema.org","@graph":[{"@type":"WebPage","@id":"https:\/\/sebastianfitzek.de\/news\/gewinnspiel-ich-packe-meinen-koffer-und-nehme-mit\/","url":"https:\/\/sebastianfitzek.de\/news\/gewinnspiel-ich-packe-meinen-koffer-und-nehme-mit\/","name":"Sebastian Fitzek - Sweepstakes: I'm packing my suitcase and taking with me...","isPartOf":{"@id":"https:\/\/sebastianfitzek.de\/#website"},"primaryImageOfPage":{"@id":"https:\/\/sebastianfitzek.de\/news\/gewinnspiel-ich-packe-meinen-koffer-und-nehme-mit\/#primaryimage"},"image":{"@id":"https:\/\/sebastianfitzek.de\/news\/gewinnspiel-ich-packe-meinen-koffer-und-nehme-mit\/#primaryimage"},"thumbnailUrl":"https:\/\/sebastianfitzek.de\/wp-content\/uploads\/WhatsApp-Image-2026-09-04-at-14.56.22-683x1024.jpeg","datePublished":"2026-09-05T06:44:36+00:00","dateModified":"2026-09-05T06:44:37+00:00","breadcrumb":{"@id":"https:\/\/sebastianfitzek.de\/news\/gewinnspiel-ich-packe-meinen-koffer-und-nehme-mit\/#breadcrumb"},"inLanguage":"en-US","potentialAction":[{"@type":"ReadAction","target":["https:\/\/sebastianfitzek.de\/news\/gewinnspiel-ich-packe-meinen-koffer-und-nehme-mit\/"]}]},{"@type":"ImageObject","inLanguage":"en-US","@id":"https:\/\/sebastianfitzek.de\/news\/gewinnspiel-ich-packe-meinen-koffer-und-nehme-mit\/#primaryimage","url":"https:\/\/sebastianfitzek.de\/wp-content\/uploads\/WhatsApp-Image-2026-09-04-at-14.56.22-683x1024.jpeg","contentUrl":"https:\/\/sebastianfitzek.de\/wp-content\/uploads\/WhatsApp-Image-2026-09-04-at-14.56.22-683x1024.jpeg"},{"@type":"BreadcrumbList","@id":"https:\/\/sebastianfitzek.de\/news\/gewinnspiel-ich-packe-meinen-koffer-und-nehme-mit\/#breadcrumb","itemListElement":[{"@type":"ListItem","position":1,"name":"Home","item":"https:\/\/sebastianfitzek.de\/"},{"@type":"ListItem","position":2,"name":"News","item":"https:\/\/sebastianfitzek.de\/news\/"},{"@type":"ListItem","position":3,"name":"Gewinnspiel: Ich packe meinen Koffer und nehme mit \u2026"}]},{"@type":"WebSite","@id":"https:\/\/sebastianfitzek.de\/#website","url":"https:\/\/sebastianfitzek.de\/","name":"Sebastian Fitzek","description":"20 Years - The Anniversary","publisher":{"@id":"https:\/\/sebastianfitzek.de\/#organization"},"alternateName":"Fitzek World","potentialAction":[{"@type":"SearchAction","target":{"@type":"EntryPoint","urlTemplate":"https:\/\/sebastianfitzek.de\/?s={search_term_string}"},"query-input":{"@type":"PropertyValueSpecification","valueRequired":true,"valueName":"search_term_string"}}],"inLanguage":"en-US"},{"@type":"Organization","@id":"https:\/\/sebastianfitzek.de\/#organization","name":"Sebastian Fitzek","url":"https:\/\/sebastianfitzek.de\/","logo":{"@type":"ImageObject","inLanguage":"en-US","@id":"https:\/\/sebastianfitzek.de\/#\/schema\/logo\/image\/","url":"https:\/\/sebastianfitzek.de\/wp-content\/uploads\/fw-logo-red.svg","contentUrl":"https:\/\/sebastianfitzek.de\/wp-content\/uploads\/fw-logo-red.svg","width":244,"height":77,"caption":"Sebastian Fitzek"},"image":{"@id":"https:\/\/sebastianfitzek.de\/#\/schema\/logo\/image\/"},"sameAs":["https:\/\/www.facebook.com\/sebastianfitzek.de\/","https:\/\/x.com\/SebastianFitzek","https:\/\/www.instagram.com\/sebastianfitzek\/","https:\/\/www.youtube.com\/user\/SebastianFitzekTV","https:\/\/www.tiktok.com\/@sebastianfitzek"]}]}},"_links":{"self":[{"href":"https:\/\/sebastianfitzek.de\/en\/wp-json\/wp\/v2\/news\/5156","targetHints":{"allow":["GET"]}}],"collection":[{"href":"https:\/\/sebastianfitzek.de\/en\/wp-json\/wp\/v2\/news"}],"about":[{"href":"https:\/\/sebastianfitzek.de\/en\/wp-json\/wp\/v2\/types\/news"}],"author":[{"embeddable":true,"href":"https:\/\/sebastianfitzek.de\/en\/wp-json\/wp\/v2\/users\/5"}],"version-history":[{"count":1,"href":"https:\/\/sebastianfitzek.de\/en\/wp-json\/wp\/v2\/news\/5156\/revisions"}],"predecessor-version":[{"id":5158,"href":"https:\/\/sebastianfitzek.de\/en\/wp-json\/wp\/v2\/news\/5156\/revisions\/5158"}],"wp:attachment":[{"href":"https:\/\/sebastianfitzek.de\/en\/wp-json\/wp\/v2\/media?parent=5156"}],"wp:term":[{"taxonomy":"news-type","embeddable":true,"href":"https:\/\/sebastianfitzek.de\/en\/wp-json\/wp\/v2\/news-type?post=5156"}],"curies":[{"name":"wp","href":"https:\/\/api.w.org\/{rel}","templated":true}]}}